{"id":3667,"date":"2017-04-06T12:15:52","date_gmt":"2017-04-06T11:15:52","guid":{"rendered":"http:\/\/www.ab-consulting.fr\/blog\/?p=3667"},"modified":"2017-11-04T11:49:09","modified_gmt":"2017-11-04T10:49:09","slug":"certification-protection-des-renseignements-personnels","status":"publish","type":"post","link":"http:\/\/www.ab-consulting.fr\/blog\/gdpr\/certification-protection-des-renseignements-personnels","title":{"rendered":"Nouvelles certifications : Protection des Renseignements Personnels"},"content":{"rendered":"<p style=\"text-align: justify;\">Avec l&rsquo;explosion toujours croissante d&rsquo;informations qui inondent le net, chaque entreprise devra planifier la gestion et la protection des\u00a0renseignements personnels et des donn\u00e9es. Non sans raison, beaucoup de nouvelles lois &#8211; tant dans l&rsquo;UE\u00a0qu&rsquo;aux\u00a0\u00c9tats-Unis et dans de nombreuses autres r\u00e9gions du monde sont en cours de mise en oeuvre en vue\u00a0de r\u00e9glementer ces\u00a0deux sujets. Le R\u00e8glement G\u00e9n\u00e9ral sur la Protection des Donn\u00e9es RGPD (GDPR en anglais) entrera en vigueur le 25 mai 2018. Il remplace\u00a0le cadre de protection des donn\u00e9es existant en vertu de la directive Europ\u00e9enne sur la protection des donn\u00e9es.<\/p>\n<p style=\"text-align: justify;\"><img loading=\"lazy\" class=\"aligncenter size-full wp-image-3694\" src=\"https:\/\/i0.wp.com\/www.ab-consulting.fr\/blog\/wp-content\/uploads\/2017\/04\/gdpr-dpo.jpg?resize=434%2C276\" alt=\"GDPR - Protection des renseignements personnels\" width=\"434\" height=\"276\" srcset=\"https:\/\/i0.wp.com\/www.ab-consulting.fr\/blog\/wp-content\/uploads\/2017\/04\/gdpr-dpo.jpg?w=434 434w, https:\/\/i0.wp.com\/www.ab-consulting.fr\/blog\/wp-content\/uploads\/2017\/04\/gdpr-dpo.jpg?resize=300%2C191 300w\" sizes=\"(max-width: 434px) 100vw, 434px\" data-recalc-dims=\"1\" \/><\/p>\n<h2 style=\"text-align: justify;\">La protection des renseignements personnels avec le GDPR<\/h2>\n<p style=\"text-align: justify;\">Plus de donn\u00e9es, moins de confidentialit\u00e9 et des r\u00e8gles strictes n\u00e9cessitent\u00a0des personnes form\u00e9es et comp\u00e9tentes. Le GDPR exigera que les organisations d\u00e9signent un D\u00e9l\u00e9gu\u00e9 \u00e0 la\u00a0Protection des Donn\u00e9es (DPO). Les organisations qui requi\u00e8rent un\u00a0DPO\u00a0comprennent les autorit\u00e9s publiques, les organisations dont les activit\u00e9s impliquent un suivi r\u00e9gulier et syst\u00e9matique des personnes concern\u00e9es \u00e0 grande \u00e9chelle, ou des organisations qui traitent ce qu&rsquo;on appelle actuellement des donn\u00e9es personnelles sensibles \u00e0 grande \u00e9chelle.<\/p>\n<blockquote>\n<p style=\"text-align: justify;\"><span style=\"color: #3366ff;\"><em><strong>\u00abLes organisations subissent une pression croissante\u00a0de deux c\u00f4t\u00e9s: les technologies augmentent les pr\u00e9occupations en mati\u00e8re de protection de la vie priv\u00e9e, tandis qu&rsquo;une r\u00e9glementation de la s\u00e9curit\u00e9 plus stricte\u00a0freine l&rsquo;innovation. Il leur faut\u00a0trouver le bon \u00e9quilibre \u00a0entre ces deux contraintes\u00a0\u00bb<\/strong><\/em><\/span><\/p>\n<\/blockquote>\n<p style=\"text-align: justify;\"><a href=\"http:\/\/www.ab-consulting.fr\/blog\/gdpr\/rgpd-plus-que-6-mois\"><strong>Il reste peu de temps<\/strong><\/a> avant que le R\u00e8glement g\u00e9n\u00e9ral sur la protection des donn\u00e9es (plus connu sous son acronyme anglais de GDPR) devienne une r\u00e9alit\u00e9.<\/p>\n<p style=\"text-align: justify;\">Cette nouvelle r\u00e9glementation concerne l&rsquo;ensemble des entreprises et acteurs du march\u00e9 qui g\u00e8rent, stockent et d\u00e9placent les donn\u00e9es dans le Cloud. Aucun acteur ne pourra s&rsquo;en affranchir.<\/p>\n<p style=\"text-align: justify;\">Aujourd&rsquo;hui, certaines organisations ont d\u00e9j\u00e0 mis en place des solutions pour y r\u00e9pondre. Malheureusement,\u00a0elles sont encore trop nombreuses \u00e0 ne pas \u00eatre en conformit\u00e9 \u00e0 la\u00a0future r\u00e8glementation.<\/p>\n<p style=\"text-align: justify;\">El\u00e9ment important : la vie des donn\u00e9es. Sont-elles prot\u00e9g\u00e9es dans la dur\u00e9e ? Qui risque d&rsquo;y avoir acc\u00e8s, qui pourra \u00eatre concern\u00e9 par leur collecte ? Mais aussi, sont-elles prot\u00e9g\u00e9es sur toute la cha\u00eene de sous-traitance? Ou encore, les droits des personnes concern\u00e9es sont-ils garantis (consentement, droit \u00e0 l&rsquo;oubli, etc.)?<\/p>\n<h2 style=\"text-align: justify;\">Obligation de recruter un DPO<\/h2>\n<p style=\"text-align: justify;\">Selon le RGPD, toute organisation publique doit embaucher un D\u00e9l\u00e9gu\u00e9 \u00e0 la Protection des Donn\u00e9es (DPO), responsable de la gestion de ces donn\u00e9es. Mais cette obligation concerne aussi toute\u00a0entreprise collectant certain types et une certaine quantit\u00e9 de donn\u00e9es. Le DPO doit conseiller l&rsquo;organisation par rapport \u00e0 ses obligations de protection des donn\u00e9es. Il devra aussi s&rsquo;assurer que l&rsquo;entreprise est en mesure de r\u00e9pondre \u00e0 tout un faisceau de contraintes et d&rsquo;obligations. C&rsquo;est lui qui est l&rsquo;interlocuteur entre les autorit\u00e9s administratives et l&rsquo;organisation. Selon l&rsquo;IAPP, cela repr\u00e9sente la cr\u00e9ation de 75.000 postes nouveaux dans le monde. Parmi ces 75.000 postes, 28.000 seront recrut\u00e9s en Europe dans les deux prochaines ann\u00e9es.<\/p>\n<p style=\"text-align: justify;\">La premi\u00e8re question qu&rsquo;on peut se poser concerne le profil du DPO. S&rsquo;agit-il d&rsquo;un informaticien? La r\u00e9ponse est claire : pas du tout. C&rsquo;est avant tout un r\u00f4le li\u00e9 \u00e0 la conformit\u00e9 l\u00e9gale et r\u00e9glementaire. Et \u00e0 ce jour, ce type de profil n&rsquo;est pas du tout courant dans l&rsquo;espace francophone. Il convient donc de former rapidement des personnes qui pourront assurer ces responsabilit\u00e9s.<\/p>\n<p style=\"text-align: justify;\">\u00cates-vous int\u00e9ress\u00e9 sur la fa\u00e7on\u00a0d&rsquo;obtenir une <a href=\"http:\/\/www.ab-consulting.fr\/dpo-exin.php\" target=\"_blank\" rel=\"noopener\">certification pour devenir DPO<\/a> ? Dans ce cas, AB Consulting\u00a0peut vous aider avec son\u00a0approche. Notre programme de formation s&rsquo;appuie sur les certifications Privacy and Data Protection d&rsquo;EXIN. D\u00e8s aujourd&rsquo;hui, les formations certifiantes <em><strong><a href=\"http:\/\/www.abconsulting-ci.com\/dpp-foundation.php\" target=\"_blank\" rel=\"noopener\">RGPD Foundation<\/a><\/strong><\/em>\u00a0et <a href=\"http:\/\/www.ab-consulting.fr\/rgpd-practitioner.php\" target=\"_blank\" rel=\"noopener\">RGPD Practitioner<\/a>\u00a0sont d\u00e9j\u00e0 programm\u00e9es. Alors, n&rsquo;attendez pas qu&rsquo;il soit trop tard!<\/p>\n<p style=\"text-align: justify;\">Vous voulez en savoir plus ? Alors, n&rsquo;h\u00e9sitez plus,\u00a0<a href=\"http:\/\/www.ab-consulting.fr\/forms\/contact.php\" target=\"_blank\" rel=\"noopener\">envoyez-nous un message<\/a> ou appelez-nous directement pour \u00e9changer.<\/p>\n<div class=\"sharedaddy sd-sharing-enabled\"><div class=\"robots-nocontent sd-block sd-social sd-social-icon-text sd-sharing\"><h3 class=\"sd-title\">Partager\u00a0:<\/h3><div class=\"sd-content\"><ul><li class=\"share-print\"><a rel=\"nofollow noopener noreferrer\" data-shared=\"\" class=\"share-print sd-button share-icon\" href=\"http:\/\/www.ab-consulting.fr\/blog\/gdpr\/certification-protection-des-renseignements-personnels\" target=\"_blank\" title=\"Cliquer pour imprimer\" ><span>Imprimer<\/span><\/a><\/li><li class=\"share-email\"><a rel=\"nofollow noopener noreferrer\" data-shared=\"\" class=\"share-email sd-button share-icon\" href=\"mailto:?subject=%5BArticle%20partag%C3%A9%5D%20Nouvelles%20certifications%20%3A%20Protection%20des%20Renseignements%20Personnels&body=http%3A%2F%2Fwww.ab-consulting.fr%2Fblog%2Fgdpr%2Fcertification-protection-des-renseignements-personnels&share=email\" target=\"_blank\" title=\"Cliquer pour envoyer un lien par e-mail \u00e0 un ami\" data-email-share-error-title=\"Votre messagerie est-elle configur\u00e9e\u00a0?\" data-email-share-error-text=\"Si vous rencontrez des probl\u00e8mes de partage par e-mail, votre messagerie n\u2019est peut-\u00eatre pas configur\u00e9e pour votre navigateur. Vous devrez peut-\u00eatre cr\u00e9er vous-m\u00eame une nouvelle messagerie.\" data-email-share-nonce=\"47e34f0a82\" data-email-share-track-url=\"http:\/\/www.ab-consulting.fr\/blog\/gdpr\/certification-protection-des-renseignements-personnels?share=email\"><span>E-mail<\/span><\/a><\/li><li class=\"share-facebook\"><a rel=\"nofollow noopener noreferrer\" data-shared=\"sharing-facebook-3667\" class=\"share-facebook sd-button share-icon\" href=\"http:\/\/www.ab-consulting.fr\/blog\/gdpr\/certification-protection-des-renseignements-personnels?share=facebook\" target=\"_blank\" title=\"Cliquez pour partager sur Facebook\" ><span>Facebook<\/span><\/a><\/li><li class=\"share-twitter\"><a rel=\"nofollow noopener noreferrer\" data-shared=\"sharing-twitter-3667\" class=\"share-twitter sd-button share-icon\" href=\"http:\/\/www.ab-consulting.fr\/blog\/gdpr\/certification-protection-des-renseignements-personnels?share=twitter\" target=\"_blank\" title=\"Cliquez pour partager sur Twitter\" ><span>Twitter<\/span><\/a><\/li><li class=\"share-linkedin\"><a rel=\"nofollow noopener noreferrer\" data-shared=\"sharing-linkedin-3667\" class=\"share-linkedin sd-button share-icon\" href=\"http:\/\/www.ab-consulting.fr\/blog\/gdpr\/certification-protection-des-renseignements-personnels?share=linkedin\" target=\"_blank\" title=\"Cliquez pour partager sur LinkedIn\" ><span>LinkedIn<\/span><\/a><\/li><li class=\"share-tumblr\"><a rel=\"nofollow noopener noreferrer\" data-shared=\"\" class=\"share-tumblr sd-button share-icon\" href=\"http:\/\/www.ab-consulting.fr\/blog\/gdpr\/certification-protection-des-renseignements-personnels?share=tumblr\" target=\"_blank\" title=\"Cliquez pour partager sur Tumblr\" ><span>Tumblr<\/span><\/a><\/li><li class=\"share-pinterest\"><a rel=\"nofollow noopener noreferrer\" data-shared=\"sharing-pinterest-3667\" class=\"share-pinterest sd-button share-icon\" href=\"http:\/\/www.ab-consulting.fr\/blog\/gdpr\/certification-protection-des-renseignements-personnels?share=pinterest\" target=\"_blank\" title=\"Cliquez pour partager sur Pinterest\" ><span>Pinterest<\/span><\/a><\/li><li class=\"share-end\"><\/li><\/ul><\/div><\/div><\/div>","protected":false},"excerpt":{"rendered":"<p>Avec l&rsquo;explosion toujours croissante d&rsquo;informations qui inondent le net, chaque entreprise devra planifier la gestion et la protection des\u00a0renseignements personnels et des donn\u00e9es. Non sans raison, beaucoup de nouvelles lois &#8211; tant dans l&rsquo;UE\u00a0qu&rsquo;aux\u00a0\u00c9tats-Unis et dans de nombreuses autres r\u00e9gions du monde sont en cours de mise en oeuvre en vue\u00a0de r\u00e9glementer ces\u00a0deux sujets&#8230;.<\/p>\n<p class=\"read-more\"><a class=\"btn btn-default\" href=\"http:\/\/www.ab-consulting.fr\/blog\/gdpr\/certification-protection-des-renseignements-personnels\"> Read More<span class=\"screen-reader-text\">  Read More<\/span><\/a><\/p>\n<div class=\"sharedaddy sd-sharing-enabled\"><div class=\"robots-nocontent sd-block sd-social sd-social-icon-text sd-sharing\"><h3 class=\"sd-title\">Partager\u00a0:<\/h3><div class=\"sd-content\"><ul><li class=\"share-print\"><a rel=\"nofollow noopener noreferrer\" data-shared=\"\" class=\"share-print sd-button share-icon\" href=\"http:\/\/www.ab-consulting.fr\/blog\/gdpr\/certification-protection-des-renseignements-personnels\" target=\"_blank\" title=\"Cliquer pour imprimer\" ><span>Imprimer<\/span><\/a><\/li><li class=\"share-email\"><a rel=\"nofollow noopener noreferrer\" data-shared=\"\" class=\"share-email sd-button share-icon\" href=\"mailto:?subject=%5BArticle%20partag%C3%A9%5D%20Nouvelles%20certifications%20%3A%20Protection%20des%20Renseignements%20Personnels&body=http%3A%2F%2Fwww.ab-consulting.fr%2Fblog%2Fgdpr%2Fcertification-protection-des-renseignements-personnels&share=email\" target=\"_blank\" title=\"Cliquer pour envoyer un lien par e-mail \u00e0 un ami\" data-email-share-error-title=\"Votre messagerie est-elle configur\u00e9e\u00a0?\" data-email-share-error-text=\"Si vous rencontrez des probl\u00e8mes de partage par e-mail, votre messagerie n\u2019est peut-\u00eatre pas configur\u00e9e pour votre navigateur. Vous devrez peut-\u00eatre cr\u00e9er vous-m\u00eame une nouvelle messagerie.\" data-email-share-nonce=\"47e34f0a82\" data-email-share-track-url=\"http:\/\/www.ab-consulting.fr\/blog\/gdpr\/certification-protection-des-renseignements-personnels?share=email\"><span>E-mail<\/span><\/a><\/li><li class=\"share-facebook\"><a rel=\"nofollow noopener noreferrer\" data-shared=\"sharing-facebook-3667\" class=\"share-facebook sd-button share-icon\" href=\"http:\/\/www.ab-consulting.fr\/blog\/gdpr\/certification-protection-des-renseignements-personnels?share=facebook\" target=\"_blank\" title=\"Cliquez pour partager sur Facebook\" ><span>Facebook<\/span><\/a><\/li><li class=\"share-twitter\"><a rel=\"nofollow noopener noreferrer\" data-shared=\"sharing-twitter-3667\" class=\"share-twitter sd-button share-icon\" href=\"http:\/\/www.ab-consulting.fr\/blog\/gdpr\/certification-protection-des-renseignements-personnels?share=twitter\" target=\"_blank\" title=\"Cliquez pour partager sur Twitter\" ><span>Twitter<\/span><\/a><\/li><li class=\"share-linkedin\"><a rel=\"nofollow noopener noreferrer\" data-shared=\"sharing-linkedin-3667\" class=\"share-linkedin sd-button share-icon\" href=\"http:\/\/www.ab-consulting.fr\/blog\/gdpr\/certification-protection-des-renseignements-personnels?share=linkedin\" target=\"_blank\" title=\"Cliquez pour partager sur LinkedIn\" ><span>LinkedIn<\/span><\/a><\/li><li class=\"share-tumblr\"><a rel=\"nofollow noopener noreferrer\" data-shared=\"\" class=\"share-tumblr sd-button share-icon\" href=\"http:\/\/www.ab-consulting.fr\/blog\/gdpr\/certification-protection-des-renseignements-personnels?share=tumblr\" target=\"_blank\" title=\"Cliquez pour partager sur Tumblr\" ><span>Tumblr<\/span><\/a><\/li><li class=\"share-pinterest\"><a rel=\"nofollow noopener noreferrer\" data-shared=\"sharing-pinterest-3667\" class=\"share-pinterest sd-button share-icon\" href=\"http:\/\/www.ab-consulting.fr\/blog\/gdpr\/certification-protection-des-renseignements-personnels?share=pinterest\" target=\"_blank\" title=\"Cliquez pour partager sur Pinterest\" ><span>Pinterest<\/span><\/a><\/li><li class=\"share-end\"><\/li><\/ul><\/div><\/div><\/div>","protected":false},"author":1,"featured_media":3694,"comment_status":"open","ping_status":"open","sticky":false,"template":"","format":"standard","meta":{"advgb_blocks_editor_width":"","advgb_blocks_columns_visual_guide":"","jetpack_post_was_ever_published":false,"jetpack_publicize_message":"","jetpack_is_tweetstorm":false,"jetpack_publicize_feature_enabled":true},"categories":[282],"tags":[164,280,278,83,286,284,267,268,283,272,898,87,109,269,285],"jetpack_publicize_connections":[],"author_meta":{"display_name":"Alain Bonneaud","author_link":"http:\/\/www.ab-consulting.fr\/blog\/author\/abonneaud"},"featured_img":"https:\/\/i0.wp.com\/www.ab-consulting.fr\/blog\/wp-content\/uploads\/2017\/04\/gdpr-dpo.jpg?fit=300%2C191","yoast_head":"<!-- This site is optimized with the Yoast SEO Premium plugin v17.9 (Yoast SEO v17.9) - https:\/\/yoast.com\/wordpress\/plugins\/seo\/ -->\n<title>Nouvelles certifications : Protection des Renseignements Personnels - Blog de la Transformation Digitale<\/title>\n<meta name=\"description\" content=\"La r\u00e9glementation europ\u00e9enne sur la protection des renseignements personnels (GDPR) impose le recrutement d&#039;un DPO. Quelle formation pour remplir ce r\u00f4le?\" \/>\n<meta name=\"robots\" content=\"index, follow, max-snippet:-1, max-image-preview:large, max-video-preview:-1\" \/>\n<link rel=\"canonical\" href=\"http:\/\/www.ab-consulting.fr\/blog\/gdpr\/certification-protection-des-renseignements-personnels\" \/>\n<meta property=\"og:locale\" content=\"fr_FR\" \/>\n<meta property=\"og:type\" content=\"article\" \/>\n<meta property=\"og:title\" content=\"Nouvelles certifications : Protection des Renseignements Personnels\" \/>\n<meta property=\"og:description\" content=\"La r\u00e9glementation europ\u00e9enne sur la protection des renseignements personnels (GDPR) impose le recrutement d&#039;un DPO. Quelle formation pour remplir ce r\u00f4le?\" \/>\n<meta property=\"og:url\" content=\"http:\/\/www.ab-consulting.fr\/blog\/gdpr\/certification-protection-des-renseignements-personnels\" \/>\n<meta property=\"og:site_name\" content=\"Blog de la Transformation Digitale\" \/>\n<meta property=\"article:publisher\" content=\"https:\/\/www.facebook.com\/abconsultingci\/\" \/>\n<meta property=\"article:published_time\" content=\"2017-04-06T11:15:52+00:00\" \/>\n<meta property=\"article:modified_time\" content=\"2017-11-04T10:49:09+00:00\" \/>\n<meta property=\"og:image\" content=\"https:\/\/i0.wp.com\/www.ab-consulting.fr\/blog\/wp-content\/uploads\/2017\/04\/gdpr-dpo.jpg?fit=434%2C276\" \/>\n\t<meta property=\"og:image:width\" content=\"434\" \/>\n\t<meta property=\"og:image:height\" content=\"276\" \/>\n\t<meta property=\"og:image:type\" content=\"image\/jpeg\" \/>\n<meta name=\"twitter:card\" content=\"summary_large_image\" \/>\n<meta name=\"twitter:creator\" content=\"@abonneaud\" \/>\n<meta name=\"twitter:site\" content=\"@abonneaud\" \/>\n<meta name=\"twitter:label1\" content=\"\u00c9crit par\" \/>\n\t<meta name=\"twitter:data1\" content=\"Alain Bonneaud\" \/>\n\t<meta name=\"twitter:label2\" content=\"Dur\u00e9e de lecture est.\" \/>\n\t<meta name=\"twitter:data2\" content=\"3 minutes\" \/>\n<script type=\"application\/ld+json\" class=\"yoast-schema-graph\">{\"@context\":\"https:\/\/schema.org\",\"@graph\":[{\"@type\":\"Organization\",\"@id\":\"http:\/\/www.ab-consulting.fr\/blog\/#organization\",\"name\":\"2AB & Associates\",\"url\":\"http:\/\/www.ab-consulting.fr\/blog\/\",\"sameAs\":[\"https:\/\/www.facebook.com\/abconsultingci\/\",\"https:\/\/www.linkedin.com\/in\/alainbonneaud\/\",\"https:\/\/twitter.com\/abonneaud\"],\"logo\":{\"@type\":\"ImageObject\",\"@id\":\"http:\/\/www.ab-consulting.fr\/blog\/#logo\",\"inLanguage\":\"fr-FR\",\"url\":\"https:\/\/i2.wp.com\/www.ab-consulting.fr\/blog\/wp-content\/uploads\/2015\/04\/AB-Consulting-logo-h-vs.gif?fit=540%2C107\",\"contentUrl\":\"https:\/\/i2.wp.com\/www.ab-consulting.fr\/blog\/wp-content\/uploads\/2015\/04\/AB-Consulting-logo-h-vs.gif?fit=540%2C107\",\"width\":540,\"height\":107,\"caption\":\"2AB & Associates\"},\"image\":{\"@id\":\"http:\/\/www.ab-consulting.fr\/blog\/#logo\"}},{\"@type\":\"WebSite\",\"@id\":\"http:\/\/www.ab-consulting.fr\/blog\/#website\",\"url\":\"http:\/\/www.ab-consulting.fr\/blog\/\",\"name\":\"Blog de la Transformation Digitale\",\"description\":\"COBIT\\u00ae, VeriSM, ITIL\\u00ae, RESILIA, ISO 27001, ISO 20000\",\"publisher\":{\"@id\":\"http:\/\/www.ab-consulting.fr\/blog\/#organization\"},\"potentialAction\":[{\"@type\":\"SearchAction\",\"target\":{\"@type\":\"EntryPoint\",\"urlTemplate\":\"http:\/\/www.ab-consulting.fr\/blog\/?s={search_term_string}\"},\"query-input\":\"required name=search_term_string\"}],\"inLanguage\":\"fr-FR\"},{\"@type\":\"ImageObject\",\"@id\":\"http:\/\/www.ab-consulting.fr\/blog\/gdpr\/certification-protection-des-renseignements-personnels#primaryimage\",\"inLanguage\":\"fr-FR\",\"url\":\"https:\/\/i0.wp.com\/www.ab-consulting.fr\/blog\/wp-content\/uploads\/2017\/04\/gdpr-dpo.jpg?fit=434%2C276\",\"contentUrl\":\"https:\/\/i0.wp.com\/www.ab-consulting.fr\/blog\/wp-content\/uploads\/2017\/04\/gdpr-dpo.jpg?fit=434%2C276\",\"width\":434,\"height\":276,\"caption\":\"GDPR - Protection des renseignements personnels\"},{\"@type\":\"WebPage\",\"@id\":\"http:\/\/www.ab-consulting.fr\/blog\/gdpr\/certification-protection-des-renseignements-personnels#webpage\",\"url\":\"http:\/\/www.ab-consulting.fr\/blog\/gdpr\/certification-protection-des-renseignements-personnels\",\"name\":\"Nouvelles certifications : Protection des Renseignements Personnels - Blog de la Transformation Digitale\",\"isPartOf\":{\"@id\":\"http:\/\/www.ab-consulting.fr\/blog\/#website\"},\"primaryImageOfPage\":{\"@id\":\"http:\/\/www.ab-consulting.fr\/blog\/gdpr\/certification-protection-des-renseignements-personnels#primaryimage\"},\"datePublished\":\"2017-04-06T11:15:52+00:00\",\"dateModified\":\"2017-11-04T10:49:09+00:00\",\"description\":\"La r\\u00e9glementation europ\\u00e9enne sur la protection des renseignements personnels (GDPR) impose le recrutement d'un DPO. Quelle formation pour remplir ce r\\u00f4le?\",\"breadcrumb\":{\"@id\":\"http:\/\/www.ab-consulting.fr\/blog\/gdpr\/certification-protection-des-renseignements-personnels#breadcrumb\"},\"inLanguage\":\"fr-FR\",\"potentialAction\":[{\"@type\":\"ReadAction\",\"target\":[\"http:\/\/www.ab-consulting.fr\/blog\/gdpr\/certification-protection-des-renseignements-personnels\"]}]},{\"@type\":\"BreadcrumbList\",\"@id\":\"http:\/\/www.ab-consulting.fr\/blog\/gdpr\/certification-protection-des-renseignements-personnels#breadcrumb\",\"itemListElement\":[{\"@type\":\"ListItem\",\"position\":1,\"name\":\"Accueil\",\"item\":\"http:\/\/www.ab-consulting.fr\/blog\"},{\"@type\":\"ListItem\",\"position\":2,\"name\":\"GDPR\",\"item\":\"https:\/\/www.ab-consulting.fr\/blog\/category\/gdpr\"},{\"@type\":\"ListItem\",\"position\":3,\"name\":\"Nouvelles certifications : Protection des Renseignements Personnels\"}]},{\"@type\":\"Article\",\"@id\":\"http:\/\/www.ab-consulting.fr\/blog\/gdpr\/certification-protection-des-renseignements-personnels#article\",\"isPartOf\":{\"@id\":\"http:\/\/www.ab-consulting.fr\/blog\/gdpr\/certification-protection-des-renseignements-personnels#webpage\"},\"author\":{\"@id\":\"http:\/\/www.ab-consulting.fr\/blog\/#\/schema\/person\/56962e20fa3aaac4e03764204c57b25c\"},\"headline\":\"Nouvelles certifications : Protection des Renseignements Personnels\",\"datePublished\":\"2017-04-06T11:15:52+00:00\",\"dateModified\":\"2017-11-04T10:49:09+00:00\",\"mainEntityOfPage\":{\"@id\":\"http:\/\/www.ab-consulting.fr\/blog\/gdpr\/certification-protection-des-renseignements-personnels#webpage\"},\"wordCount\":670,\"commentCount\":1,\"publisher\":{\"@id\":\"http:\/\/www.ab-consulting.fr\/blog\/#organization\"},\"image\":{\"@id\":\"http:\/\/www.ab-consulting.fr\/blog\/gdpr\/certification-protection-des-renseignements-personnels#primaryimage\"},\"thumbnailUrl\":\"https:\/\/i0.wp.com\/www.ab-consulting.fr\/blog\/wp-content\/uploads\/2017\/04\/gdpr-dpo.jpg?fit=434%2C276\",\"keywords\":[\"AB Consulting\",\"D\\u00e9l\\u00e9gu\\u00e9 \\u00e0 la Protection des Donn\\u00e9es\",\"DPO\",\"emploi\",\"emploi dans le digital\",\"EXIN\",\"GDPR\",\"protection des donn\\u00e9es\",\"Protection des renseignements personnels\",\"R\\u00e9glementation europ\\u00e9enne\",\"RGPD\",\"s\\u00e9curit\\u00e9\",\"s\\u00e9curit\\u00e9 de l'information\",\"s\\u00e9curit\\u00e9 du SI\",\"vie priv\\u00e9e\"],\"articleSection\":[\"GDPR\"],\"inLanguage\":\"fr-FR\",\"potentialAction\":[{\"@type\":\"CommentAction\",\"name\":\"Comment\",\"target\":[\"http:\/\/www.ab-consulting.fr\/blog\/gdpr\/certification-protection-des-renseignements-personnels#respond\"]}]},{\"@type\":\"Person\",\"@id\":\"http:\/\/www.ab-consulting.fr\/blog\/#\/schema\/person\/56962e20fa3aaac4e03764204c57b25c\",\"name\":\"Alain Bonneaud\",\"image\":{\"@type\":\"ImageObject\",\"@id\":\"http:\/\/www.ab-consulting.fr\/blog\/#personlogo\",\"inLanguage\":\"fr-FR\",\"url\":\"http:\/\/0.gravatar.com\/avatar\/6d901ed6d3a81ad26a0335a7dae96b4f?s=96&d=mm&r=g\",\"contentUrl\":\"http:\/\/0.gravatar.com\/avatar\/6d901ed6d3a81ad26a0335a7dae96b4f?s=96&d=mm&r=g\",\"caption\":\"Alain Bonneaud\"},\"sameAs\":[\"http:\/\/www.ab-consulting.fr\",\"https:\/\/twitter.com\/abonneaud\"],\"url\":\"http:\/\/www.ab-consulting.fr\/blog\/author\/abonneaud\"}]}<\/script>\n<!-- \/ Yoast SEO Premium plugin. -->","yoast_head_json":{"title":"Nouvelles certifications : Protection des Renseignements Personnels - Blog de la Transformation Digitale","description":"La r\u00e9glementation europ\u00e9enne sur la protection des renseignements personnels (GDPR) impose le recrutement d'un DPO. Quelle formation pour remplir ce r\u00f4le?","robots":{"index":"index","follow":"follow","max-snippet":"max-snippet:-1","max-image-preview":"max-image-preview:large","max-video-preview":"max-video-preview:-1"},"canonical":"http:\/\/www.ab-consulting.fr\/blog\/gdpr\/certification-protection-des-renseignements-personnels","og_locale":"fr_FR","og_type":"article","og_title":"Nouvelles certifications : Protection des Renseignements Personnels","og_description":"La r\u00e9glementation europ\u00e9enne sur la protection des renseignements personnels (GDPR) impose le recrutement d'un DPO. Quelle formation pour remplir ce r\u00f4le?","og_url":"http:\/\/www.ab-consulting.fr\/blog\/gdpr\/certification-protection-des-renseignements-personnels","og_site_name":"Blog de la Transformation Digitale","article_publisher":"https:\/\/www.facebook.com\/abconsultingci\/","article_published_time":"2017-04-06T11:15:52+00:00","article_modified_time":"2017-11-04T10:49:09+00:00","og_image":[{"width":434,"height":276,"url":"https:\/\/i0.wp.com\/www.ab-consulting.fr\/blog\/wp-content\/uploads\/2017\/04\/gdpr-dpo.jpg?fit=434%2C276","type":"image\/jpeg"}],"twitter_card":"summary_large_image","twitter_creator":"@abonneaud","twitter_site":"@abonneaud","twitter_misc":{"\u00c9crit par":"Alain Bonneaud","Dur\u00e9e de lecture est.":"3 minutes"},"schema":{"@context":"https:\/\/schema.org","@graph":[{"@type":"Organization","@id":"http:\/\/www.ab-consulting.fr\/blog\/#organization","name":"2AB & Associates","url":"http:\/\/www.ab-consulting.fr\/blog\/","sameAs":["https:\/\/www.facebook.com\/abconsultingci\/","https:\/\/www.linkedin.com\/in\/alainbonneaud\/","https:\/\/twitter.com\/abonneaud"],"logo":{"@type":"ImageObject","@id":"http:\/\/www.ab-consulting.fr\/blog\/#logo","inLanguage":"fr-FR","url":"https:\/\/i2.wp.com\/www.ab-consulting.fr\/blog\/wp-content\/uploads\/2015\/04\/AB-Consulting-logo-h-vs.gif?fit=540%2C107","contentUrl":"https:\/\/i2.wp.com\/www.ab-consulting.fr\/blog\/wp-content\/uploads\/2015\/04\/AB-Consulting-logo-h-vs.gif?fit=540%2C107","width":540,"height":107,"caption":"2AB & Associates"},"image":{"@id":"http:\/\/www.ab-consulting.fr\/blog\/#logo"}},{"@type":"WebSite","@id":"http:\/\/www.ab-consulting.fr\/blog\/#website","url":"http:\/\/www.ab-consulting.fr\/blog\/","name":"Blog de la Transformation Digitale","description":"COBIT\u00ae, VeriSM, ITIL\u00ae, RESILIA, ISO 27001, ISO 20000","publisher":{"@id":"http:\/\/www.ab-consulting.fr\/blog\/#organization"},"potentialAction":[{"@type":"SearchAction","target":{"@type":"EntryPoint","urlTemplate":"http:\/\/www.ab-consulting.fr\/blog\/?s={search_term_string}"},"query-input":"required name=search_term_string"}],"inLanguage":"fr-FR"},{"@type":"ImageObject","@id":"http:\/\/www.ab-consulting.fr\/blog\/gdpr\/certification-protection-des-renseignements-personnels#primaryimage","inLanguage":"fr-FR","url":"https:\/\/i0.wp.com\/www.ab-consulting.fr\/blog\/wp-content\/uploads\/2017\/04\/gdpr-dpo.jpg?fit=434%2C276","contentUrl":"https:\/\/i0.wp.com\/www.ab-consulting.fr\/blog\/wp-content\/uploads\/2017\/04\/gdpr-dpo.jpg?fit=434%2C276","width":434,"height":276,"caption":"GDPR - Protection des renseignements personnels"},{"@type":"WebPage","@id":"http:\/\/www.ab-consulting.fr\/blog\/gdpr\/certification-protection-des-renseignements-personnels#webpage","url":"http:\/\/www.ab-consulting.fr\/blog\/gdpr\/certification-protection-des-renseignements-personnels","name":"Nouvelles certifications : Protection des Renseignements Personnels - Blog de la Transformation Digitale","isPartOf":{"@id":"http:\/\/www.ab-consulting.fr\/blog\/#website"},"primaryImageOfPage":{"@id":"http:\/\/www.ab-consulting.fr\/blog\/gdpr\/certification-protection-des-renseignements-personnels#primaryimage"},"datePublished":"2017-04-06T11:15:52+00:00","dateModified":"2017-11-04T10:49:09+00:00","description":"La r\u00e9glementation europ\u00e9enne sur la protection des renseignements personnels (GDPR) impose le recrutement d'un DPO. Quelle formation pour remplir ce r\u00f4le?","breadcrumb":{"@id":"http:\/\/www.ab-consulting.fr\/blog\/gdpr\/certification-protection-des-renseignements-personnels#breadcrumb"},"inLanguage":"fr-FR","potentialAction":[{"@type":"ReadAction","target":["http:\/\/www.ab-consulting.fr\/blog\/gdpr\/certification-protection-des-renseignements-personnels"]}]},{"@type":"BreadcrumbList","@id":"http:\/\/www.ab-consulting.fr\/blog\/gdpr\/certification-protection-des-renseignements-personnels#breadcrumb","itemListElement":[{"@type":"ListItem","position":1,"name":"Accueil","item":"http:\/\/www.ab-consulting.fr\/blog"},{"@type":"ListItem","position":2,"name":"GDPR","item":"https:\/\/www.ab-consulting.fr\/blog\/category\/gdpr"},{"@type":"ListItem","position":3,"name":"Nouvelles certifications : Protection des Renseignements Personnels"}]},{"@type":"Article","@id":"http:\/\/www.ab-consulting.fr\/blog\/gdpr\/certification-protection-des-renseignements-personnels#article","isPartOf":{"@id":"http:\/\/www.ab-consulting.fr\/blog\/gdpr\/certification-protection-des-renseignements-personnels#webpage"},"author":{"@id":"http:\/\/www.ab-consulting.fr\/blog\/#\/schema\/person\/56962e20fa3aaac4e03764204c57b25c"},"headline":"Nouvelles certifications : Protection des Renseignements Personnels","datePublished":"2017-04-06T11:15:52+00:00","dateModified":"2017-11-04T10:49:09+00:00","mainEntityOfPage":{"@id":"http:\/\/www.ab-consulting.fr\/blog\/gdpr\/certification-protection-des-renseignements-personnels#webpage"},"wordCount":670,"commentCount":1,"publisher":{"@id":"http:\/\/www.ab-consulting.fr\/blog\/#organization"},"image":{"@id":"http:\/\/www.ab-consulting.fr\/blog\/gdpr\/certification-protection-des-renseignements-personnels#primaryimage"},"thumbnailUrl":"https:\/\/i0.wp.com\/www.ab-consulting.fr\/blog\/wp-content\/uploads\/2017\/04\/gdpr-dpo.jpg?fit=434%2C276","keywords":["AB Consulting","D\u00e9l\u00e9gu\u00e9 \u00e0 la Protection des Donn\u00e9es","DPO","emploi","emploi dans le digital","EXIN","GDPR","protection des donn\u00e9es","Protection des renseignements personnels","R\u00e9glementation europ\u00e9enne","RGPD","s\u00e9curit\u00e9","s\u00e9curit\u00e9 de l'information","s\u00e9curit\u00e9 du SI","vie priv\u00e9e"],"articleSection":["GDPR"],"inLanguage":"fr-FR","potentialAction":[{"@type":"CommentAction","name":"Comment","target":["http:\/\/www.ab-consulting.fr\/blog\/gdpr\/certification-protection-des-renseignements-personnels#respond"]}]},{"@type":"Person","@id":"http:\/\/www.ab-consulting.fr\/blog\/#\/schema\/person\/56962e20fa3aaac4e03764204c57b25c","name":"Alain Bonneaud","image":{"@type":"ImageObject","@id":"http:\/\/www.ab-consulting.fr\/blog\/#personlogo","inLanguage":"fr-FR","url":"http:\/\/0.gravatar.com\/avatar\/6d901ed6d3a81ad26a0335a7dae96b4f?s=96&d=mm&r=g","contentUrl":"http:\/\/0.gravatar.com\/avatar\/6d901ed6d3a81ad26a0335a7dae96b4f?s=96&d=mm&r=g","caption":"Alain Bonneaud"},"sameAs":["http:\/\/www.ab-consulting.fr","https:\/\/twitter.com\/abonneaud"],"url":"http:\/\/www.ab-consulting.fr\/blog\/author\/abonneaud"}]}},"coauthors":[],"tax_additional":{"categories":{"linked":["<a href=\"http:\/\/www.ab-consulting.fr\/blog\/category\/gdpr\" class=\"advgb-post-tax-term\">GDPR<\/a>"],"unlinked":["<span class=\"advgb-post-tax-term\">GDPR<\/span>"]},"tags":{"linked":["<a href=\"http:\/\/www.ab-consulting.fr\/blog\/category\/gdpr\" class=\"advgb-post-tax-term\">AB Consulting<\/a>","<a href=\"http:\/\/www.ab-consulting.fr\/blog\/category\/gdpr\" class=\"advgb-post-tax-term\">D\u00e9l\u00e9gu\u00e9 \u00e0 la Protection des Donn\u00e9es<\/a>","<a href=\"http:\/\/www.ab-consulting.fr\/blog\/category\/gdpr\" class=\"advgb-post-tax-term\">DPO<\/a>","<a href=\"http:\/\/www.ab-consulting.fr\/blog\/category\/gdpr\" class=\"advgb-post-tax-term\">emploi<\/a>","<a href=\"http:\/\/www.ab-consulting.fr\/blog\/category\/gdpr\" class=\"advgb-post-tax-term\">emploi dans le digital<\/a>","<a href=\"http:\/\/www.ab-consulting.fr\/blog\/category\/gdpr\" class=\"advgb-post-tax-term\">EXIN<\/a>","<a href=\"http:\/\/www.ab-consulting.fr\/blog\/category\/gdpr\" class=\"advgb-post-tax-term\">GDPR<\/a>","<a href=\"http:\/\/www.ab-consulting.fr\/blog\/category\/gdpr\" class=\"advgb-post-tax-term\">protection des donn\u00e9es<\/a>","<a href=\"http:\/\/www.ab-consulting.fr\/blog\/category\/gdpr\" class=\"advgb-post-tax-term\">Protection des renseignements personnels<\/a>","<a href=\"http:\/\/www.ab-consulting.fr\/blog\/category\/gdpr\" class=\"advgb-post-tax-term\">R\u00e9glementation europ\u00e9enne<\/a>","<a href=\"http:\/\/www.ab-consulting.fr\/blog\/category\/gdpr\" class=\"advgb-post-tax-term\">RGPD<\/a>","<a href=\"http:\/\/www.ab-consulting.fr\/blog\/category\/gdpr\" class=\"advgb-post-tax-term\">s\u00e9curit\u00e9<\/a>","<a href=\"http:\/\/www.ab-consulting.fr\/blog\/category\/gdpr\" class=\"advgb-post-tax-term\">s\u00e9curit\u00e9 de l&#039;information<\/a>","<a href=\"http:\/\/www.ab-consulting.fr\/blog\/category\/gdpr\" class=\"advgb-post-tax-term\">s\u00e9curit\u00e9 du SI<\/a>","<a href=\"http:\/\/www.ab-consulting.fr\/blog\/category\/gdpr\" class=\"advgb-post-tax-term\">vie priv\u00e9e<\/a>"],"unlinked":["<span class=\"advgb-post-tax-term\">AB Consulting<\/span>","<span class=\"advgb-post-tax-term\">D\u00e9l\u00e9gu\u00e9 \u00e0 la Protection des Donn\u00e9es<\/span>","<span class=\"advgb-post-tax-term\">DPO<\/span>","<span class=\"advgb-post-tax-term\">emploi<\/span>","<span class=\"advgb-post-tax-term\">emploi dans le digital<\/span>","<span class=\"advgb-post-tax-term\">EXIN<\/span>","<span class=\"advgb-post-tax-term\">GDPR<\/span>","<span class=\"advgb-post-tax-term\">protection des donn\u00e9es<\/span>","<span class=\"advgb-post-tax-term\">Protection des renseignements personnels<\/span>","<span class=\"advgb-post-tax-term\">R\u00e9glementation europ\u00e9enne<\/span>","<span class=\"advgb-post-tax-term\">RGPD<\/span>","<span class=\"advgb-post-tax-term\">s\u00e9curit\u00e9<\/span>","<span class=\"advgb-post-tax-term\">s\u00e9curit\u00e9 de l&#039;information<\/span>","<span class=\"advgb-post-tax-term\">s\u00e9curit\u00e9 du SI<\/span>","<span class=\"advgb-post-tax-term\">vie priv\u00e9e<\/span>"]}},"comment_count":"1","relative_dates":{"created":"Posted 9 ans ago","modified":"Updated 8 ans ago"},"absolute_dates":{"created":"Posted on 6 avril 2017","modified":"Updated on 4 novembre 2017"},"absolute_dates_time":{"created":"Posted on 6 avril 2017 12 h 15 min","modified":"Updated on 4 novembre 2017 11 h 49 min"},"featured_img_caption":"","jetpack_featured_media_url":"https:\/\/i0.wp.com\/www.ab-consulting.fr\/blog\/wp-content\/uploads\/2017\/04\/gdpr-dpo.jpg?fit=434%2C276","jetpack_sharing_enabled":true,"jetpack_shortlink":"https:\/\/wp.me\/p3OrbX-X9","jetpack_likes_enabled":true,"jetpack-related-posts":[{"id":4962,"url":"http:\/\/www.ab-consulting.fr\/blog\/gdpr\/protection-des-renseignements-personnels","url_meta":{"origin":3667,"position":0},"title":"Protection des renseignements personnels","date":"15 octobre 2017","format":false,"excerpt":"Dans le cadre du mois de la cybers\u00e9curit\u00e9 2017, nous avons eu le plaisir d'accueillir, le 11 octobre dernier, David Henrard pour un w\u00e9binaire exceptionnel pr\u00e9sentant un \u00e9tat des lieux de la protection des renseignements personnels en 2017 dans le monde. La protection des renseignements personnels Un \u00e9tat des lieux\u2026","rel":"","context":"Dans &quot;cybers\u00e9curit\u00e9&quot;","img":{"alt_text":"La protection des renseignements personnels","src":"https:\/\/i0.wp.com\/www.ab-consulting.fr\/blog\/wp-content\/uploads\/2017\/10\/protection-renseignements-personnels-Webinaire.jpg?fit=580%2C357&resize=350%2C200","width":350,"height":200},"classes":[]},{"id":5040,"url":"http:\/\/www.ab-consulting.fr\/blog\/gdpr\/rgpd-plus-que-6-mois","url_meta":{"origin":3667,"position":1},"title":"RGPD: Plus que 6 mois","date":"2 novembre 2017","format":false,"excerpt":"A seulement 6 mois de la date d'application d\u00e9finitive du RGPD (en anglais GDPR: EU Generic Data Protection Regulation) nous vous proposons de faire un \u00e9tat des lieux au travers d'une infographie publi\u00e9e par ComputerWeekly et TechTarget. La date est fix\u00e9e : 25 Mai 2018 La date d'obligation de mise\u2026","rel":"","context":"Dans &quot;GDPR&quot;","img":{"alt_text":"GDPR-Etat des lieux","src":"https:\/\/i0.wp.com\/www.ab-consulting.fr\/blog\/wp-content\/uploads\/2017\/11\/GDPR_The_State_Of_Play.jpg?fit=473%2C1200&resize=350%2C200","width":350,"height":200},"classes":[]},{"id":5464,"url":"http:\/\/www.ab-consulting.fr\/blog\/gdpr\/rgpd\/rgpd-quels-changements-le-25-mai-2018","url_meta":{"origin":3667,"position":2},"title":"RGPD\/GDPR : Quels changements le 25 mai 2018?","date":"13 avril 2018","format":false,"excerpt":"Le r\u00e8glement europ\u00e9en en mati\u00e8re de protection des donn\u00e9es \u00e0 caract\u00e8re personnel ou RGPD (GDPR en Anglais) est la nouvelle r\u00e9glementation europ\u00e9enne qui s'applique d\u00e9sormais \u00e0 toute organisation, publique ou priv\u00e9e, traitant des donn\u00e9es relatives aux personnes physiques avec lesquelles elles interagissent (clients, prospects, employ\u00e9s, partenaires, ...) dans l'Espace Economique\u2026","rel":"","context":"Dans &quot;GDPR&quot;","img":{"alt_text":"RGPD\/GDPR - Les changement au 25 Mai 2018","src":"https:\/\/i0.wp.com\/www.ab-consulting.fr\/blog\/wp-content\/uploads\/2018\/04\/RGPD-Changements-25-Mai-2018-1.jpg?fit=580%2C373&resize=350%2C200","width":350,"height":200},"classes":[]},{"id":5500,"url":"http:\/\/www.ab-consulting.fr\/blog\/gdpr\/rgpd\/cobit-vous-aide-a-devenir-conforme-au-rgpd","url_meta":{"origin":3667,"position":3},"title":"RGPD\/GDPR : appuyez-vous sur COBIT","date":"16 avril 2018","format":false,"excerpt":"Dans notre pr\u00e9c\u00e9dent article intitul\u00e9 RGPD\/GDPR ; Les changements au 25 Mai 2018, nous vous avons propos\u00e9 10 axes cl\u00e9s pour devenir conforme au RGPD. La mise en conformit\u00e9 est, par d\u00e9finition, un projet transversal relevant de la gouvernance de l'Entreprise. Or, d\u00e8s lors qu'on parle de Gouvernance, le r\u00e9f\u00e9rentiel\u2026","rel":"","context":"Dans &quot;COBIT&quot;","img":{"alt_text":"RGPD : comment COBIT peut vous aider","src":"https:\/\/i0.wp.com\/www.ab-consulting.fr\/blog\/wp-content\/uploads\/2018\/04\/RGPD-et-COBIT-Projet.jpg?fit=473%2C254&resize=350%2C200","width":350,"height":200},"classes":[]},{"id":1729,"url":"http:\/\/www.ab-consulting.fr\/blog\/securite\/gdpr-etat-des-lieux","url_meta":{"origin":3667,"position":4},"title":"GDPR &#8211; Etat des lieux alarmant","date":"3 novembre 2016","format":false,"excerpt":"GDPR - Les DSI face \u00e0 leurs responsabilit\u00e9s Alors que la nouvelle r\u00e9glementation europ\u00e9enne sur la protection des donn\u00e9es personnelles (GDPR) va entrer en vigueur le 25 Mai 2018, et donc \u00e0 moins de 18 mois de son application, TREND Micro a r\u00e9alis\u00e9 une enqu\u00eate \u00a0extr\u00eamement r\u00e9v\u00e9latrice aupr\u00e8s des DSI\u2026","rel":"","context":"Dans &quot;S\u00e9curit\u00e9&quot;","img":{"alt_text":"GDPR - Les DSI face \u00e0 leurs responsabilit\u00e9s","src":"https:\/\/i0.wp.com\/www.ab-consulting.fr\/blog\/wp-content\/uploads\/2016\/11\/GDPR-DSI.jpg?fit=181%2C1200&resize=350%2C200","width":350,"height":200},"classes":[]},{"id":1706,"url":"http:\/\/www.ab-consulting.fr\/blog\/securite\/gdpr-exigences-reglementation","url_meta":{"origin":3667,"position":5},"title":"GDPR &#8211; Exigences de protection des donn\u00e9es","date":"31 octobre 2016","format":false,"excerpt":"GDPR -\u00a0Exigences\u00a0de la r\u00e9glementation Dans notre pr\u00e9c\u00e9dent article GDPR et la protection des donn\u00e9es en Afrique.\u00a0Nous avions \u00e9voqu\u00e9 la R\u00e9glementation G\u00e9n\u00e9rale de Protection des Donn\u00e9es adopt\u00e9e par l'Union Europ\u00e9enne et quelles en seraient les impacts sur les \u00e9conomies des pays Africains. Dans ce nouvel article, nous allons voir, plus en\u2026","rel":"","context":"Dans &quot;S\u00e9curit\u00e9&quot;","img":{"alt_text":"GDPR les exigences de la r\u00e9glementation sur la protection des donn\u00e9es","src":"https:\/\/i0.wp.com\/www.ab-consulting.fr\/blog\/wp-content\/uploads\/2016\/10\/GDPR-chapitre-2.jpg?fit=424%2C283&resize=350%2C200","width":350,"height":200},"classes":[]}],"amp_enabled":true,"_links":{"self":[{"href":"http:\/\/www.ab-consulting.fr\/blog\/wp-json\/wp\/v2\/posts\/3667"}],"collection":[{"href":"http:\/\/www.ab-consulting.fr\/blog\/wp-json\/wp\/v2\/posts"}],"about":[{"href":"http:\/\/www.ab-consulting.fr\/blog\/wp-json\/wp\/v2\/types\/post"}],"author":[{"embeddable":true,"href":"http:\/\/www.ab-consulting.fr\/blog\/wp-json\/wp\/v2\/users\/1"}],"replies":[{"embeddable":true,"href":"http:\/\/www.ab-consulting.fr\/blog\/wp-json\/wp\/v2\/comments?post=3667"}],"version-history":[{"count":22,"href":"http:\/\/www.ab-consulting.fr\/blog\/wp-json\/wp\/v2\/posts\/3667\/revisions"}],"predecessor-version":[{"id":5060,"href":"http:\/\/www.ab-consulting.fr\/blog\/wp-json\/wp\/v2\/posts\/3667\/revisions\/5060"}],"wp:featuredmedia":[{"embeddable":true,"href":"http:\/\/www.ab-consulting.fr\/blog\/wp-json\/wp\/v2\/media\/3694"}],"wp:attachment":[{"href":"http:\/\/www.ab-consulting.fr\/blog\/wp-json\/wp\/v2\/media?parent=3667"}],"wp:term":[{"taxonomy":"category","embeddable":true,"href":"http:\/\/www.ab-consulting.fr\/blog\/wp-json\/wp\/v2\/categories?post=3667"},{"taxonomy":"post_tag","embeddable":true,"href":"http:\/\/www.ab-consulting.fr\/blog\/wp-json\/wp\/v2\/tags?post=3667"}],"curies":[{"name":"wp","href":"https:\/\/api.w.org\/{rel}","templated":true}]}}